{"id":1213,"date":"2021-05-25T10:04:05","date_gmt":"2021-05-25T10:04:05","guid":{"rendered":"https:\/\/de.van-uffelen.de\/?p=1213"},"modified":"2023-04-22T16:12:09","modified_gmt":"2023-04-22T16:12:09","slug":"krankenhaeuser","status":"publish","type":"post","link":"https:\/\/de.van-uffelen.de\/en\/krankenhaeuser","title":{"rendered":"Krankenh\u00e4user"},"content":{"rendered":"\n<h2 class=\"wp-block-heading\">Kliniken, Gesundheitszentren Spit\u00e4ler, Rehazentren, \u00c4rzteh\u00e4user, Sanatorien<\/h2>\n\n\n\n<ul class=\"wp-block-list\"><li><strong>Hardcover:<\/strong> 184 Seiten \/ Pages<\/li><li><strong>Verlag \/ Publishing house:<\/strong> ff publishers; 2021<\/li><li><strong>Sprache \/ Language:<\/strong> Deutsch<\/li><li><strong>ISBN-13:<\/strong> 978-3-945539-24-8<\/li><li><strong>Gr\u00f6\u00dfe \/ size: <\/strong>23 x 2 x 28 cm <\/li><\/ul>\n\n\n\n<figure class=\"wp-block-video\"><video autoplay controls muted src=\"https:\/\/de.van-uffelen.de\/wp-content\/uploads\/2023\/04\/krankenhaeuser.mp4\"><\/video><\/figure>\n","protected":false},"excerpt":{"rendered":"","protected":false},"author":5,"featured_media":1408,"comment_status":"closed","ping_status":"closed","sticky":false,"template":"","format":"standard","meta":{"ngg_post_thumbnail":0,"footnotes":""},"categories":[33,10,50,31],"tags":[285,287,286,288,289],"class_list":["post-1213","post","type-post","status-publish","format-standard","has-post-thumbnail","hentry","category-architektur","category-baugattung","category-bauten-der-gemeinschaft","category-innenraumgestaltung","tag-gesundheitsbauten","tag-klinik","tag-krankenhaus","tag-rehazentrum","tag-sanatorium"],"_links":{"self":[{"href":"https:\/\/de.van-uffelen.de\/en\/wp-json\/wp\/v2\/posts\/1213","targetHints":{"allow":["GET"]}}],"collection":[{"href":"https:\/\/de.van-uffelen.de\/en\/wp-json\/wp\/v2\/posts"}],"about":[{"href":"https:\/\/de.van-uffelen.de\/en\/wp-json\/wp\/v2\/types\/post"}],"author":[{"embeddable":true,"href":"https:\/\/de.van-uffelen.de\/en\/wp-json\/wp\/v2\/users\/5"}],"replies":[{"embeddable":true,"href":"https:\/\/de.van-uffelen.de\/en\/wp-json\/wp\/v2\/comments?post=1213"}],"version-history":[{"count":4,"href":"https:\/\/de.van-uffelen.de\/en\/wp-json\/wp\/v2\/posts\/1213\/revisions"}],"predecessor-version":[{"id":1608,"href":"https:\/\/de.van-uffelen.de\/en\/wp-json\/wp\/v2\/posts\/1213\/revisions\/1608"}],"wp:featuredmedia":[{"embeddable":true,"href":"https:\/\/de.van-uffelen.de\/en\/wp-json\/wp\/v2\/media\/1408"}],"wp:attachment":[{"href":"https:\/\/de.van-uffelen.de\/en\/wp-json\/wp\/v2\/media?parent=1213"}],"wp:term":[{"taxonomy":"category","embeddable":true,"href":"https:\/\/de.van-uffelen.de\/en\/wp-json\/wp\/v2\/categories?post=1213"},{"taxonomy":"post_tag","embeddable":true,"href":"https:\/\/de.van-uffelen.de\/en\/wp-json\/wp\/v2\/tags?post=1213"}],"curies":[{"name":"wp","href":"https:\/\/api.w.org\/{rel}","templated":true}]}}